{"id":4635,"date":"2024-07-19T12:23:44","date_gmt":"2024-07-19T10:23:44","guid":{"rendered":"https:\/\/oekotierzucht.de\/?p=4635"},"modified":"2025-01-17T10:00:29","modified_gmt":"2025-01-17T09:00:29","slug":"carsten-scheper","status":"publish","type":"post","link":"https:\/\/oekotierzucht.de\/de\/carsten-scheper\/","title":{"rendered":"Dr. Carsten Scheper"},"content":{"rendered":"\t\t<div data-elementor-type=\"wp-post\" data-elementor-id=\"4635\" class=\"elementor elementor-4635\" data-elementor-post-type=\"post\">\n\t\t\t\t\t\t<section class=\"elementor-section elementor-top-section elementor-element elementor-element-1df78638 elementor-section-boxed elementor-section-height-default elementor-section-height-default\" data-id=\"1df78638\" data-element_type=\"section\" data-e-type=\"section\">\n\t\t\t\t\t\t<div class=\"elementor-container elementor-column-gap-default\">\n\t\t\t\t\t<div class=\"elementor-column elementor-col-100 elementor-top-column elementor-element elementor-element-2390ede2\" data-id=\"2390ede2\" data-element_type=\"column\" data-e-type=\"column\">\n\t\t\t<div class=\"elementor-widget-wrap elementor-element-populated\">\n\t\t\t\t\t\t<div class=\"elementor-element elementor-element-78c07a88 elementor-drop-cap-yes elementor-drop-cap-view-default elementor-widget elementor-widget-text-editor\" data-id=\"78c07a88\" data-element_type=\"widget\" data-e-type=\"widget\" data-settings=\"{&quot;drop_cap&quot;:&quot;yes&quot;}\" data-widget_type=\"text-editor.default\">\n\t\t\t\t<div class=\"elementor-widget-container\">\n\t\t\t\t\t\t\t\t\t<p>Carsten ist seit 2022 Teil der Gesch\u00e4ftsf\u00fchrung und f\u00fcr alle Finanz-, IT- und Verwaltungsthemen verantwortlich. Bereits seit Anfang 2021 leitet er den Aufbau des neuen Rinderzuchtbereiches der \u00d6TZ. Neben der inhaltlichen und strategischen Ausrichtung des Rinderzuchtbereiches liegt die Projektentwicklung in seiner Hand. Dar\u00fcber hinaus f\u00fchrt er als versierter Experte und Tiergenetiker die Zuchtwertsch\u00e4tzung beim Gefl\u00fcgel durch und ber\u00e4t bei der Zuchtplanung.<\/p>\t\t\t\t\t\t\t\t<\/div>\n\t\t\t\t<\/div>\n\t\t\t\t\t<\/div>\n\t\t<\/div>\n\t\t\t\t\t<\/div>\n\t\t<\/section>\n\t\t\t\t<\/div>\n\t\t","protected":false},"excerpt":{"rendered":"<p>Carsten ist seit 2022 Teil der Gesch\u00e4ftsf\u00fchrung und f\u00fcr alle Finanz- IT- und Verwaltungsthemen verantwortlich. Bereits seit Anfang 2021 leitet er den Aufbau des neuen Rinderzuchtbereiches der \u00d6TZ. Neben der inhaltlichen und strategischen Ausrichtung des Rinderzuchtbereiches liegt die Projektentwicklung in seiner Hand.<br \/>\nDar\u00fcber hinaus f\u00fchrt er als versierter Experte und Tiergenetiker die Zuchtwertsch\u00e4tzung beim Gefl\u00fcgel durch und ber\u00e4t bei der Zuchtplanung. <\/p>\n","protected":false},"author":2,"featured_media":4675,"comment_status":"closed","ping_status":"closed","sticky":false,"template":"","format":"standard","meta":{"footnotes":""},"categories":[153],"tags":[151,152],"class_list":["post-4635","post","type-post","status-publish","format-standard","has-post-thumbnail","hentry","category-portrait","tag-mitarbeiter","tag-portrait"],"_links":{"self":[{"href":"https:\/\/oekotierzucht.de\/de\/wp-json\/wp\/v2\/posts\/4635","targetHints":{"allow":["GET"]}}],"collection":[{"href":"https:\/\/oekotierzucht.de\/de\/wp-json\/wp\/v2\/posts"}],"about":[{"href":"https:\/\/oekotierzucht.de\/de\/wp-json\/wp\/v2\/types\/post"}],"author":[{"embeddable":true,"href":"https:\/\/oekotierzucht.de\/de\/wp-json\/wp\/v2\/users\/2"}],"replies":[{"embeddable":true,"href":"https:\/\/oekotierzucht.de\/de\/wp-json\/wp\/v2\/comments?post=4635"}],"version-history":[{"count":35,"href":"https:\/\/oekotierzucht.de\/de\/wp-json\/wp\/v2\/posts\/4635\/revisions"}],"predecessor-version":[{"id":9695,"href":"https:\/\/oekotierzucht.de\/de\/wp-json\/wp\/v2\/posts\/4635\/revisions\/9695"}],"wp:featuredmedia":[{"embeddable":true,"href":"https:\/\/oekotierzucht.de\/de\/wp-json\/wp\/v2\/media\/4675"}],"wp:attachment":[{"href":"https:\/\/oekotierzucht.de\/de\/wp-json\/wp\/v2\/media?parent=4635"}],"wp:term":[{"taxonomy":"category","embeddable":true,"href":"https:\/\/oekotierzucht.de\/de\/wp-json\/wp\/v2\/categories?post=4635"},{"taxonomy":"post_tag","embeddable":true,"href":"https:\/\/oekotierzucht.de\/de\/wp-json\/wp\/v2\/tags?post=4635"}],"curies":[{"name":"wp","href":"https:\/\/api.w.org\/{rel}","templated":true}]}}