{"id":8755,"date":"2025-01-16T11:59:11","date_gmt":"2025-01-16T10:59:11","guid":{"rendered":"https:\/\/oekotierzucht.de\/?p=8755"},"modified":"2025-01-16T12:03:05","modified_gmt":"2025-01-16T11:03:05","slug":"tag-des-zweinutzungshuhns-2025","status":"publish","type":"post","link":"https:\/\/oekotierzucht.de\/de\/tag-des-zweinutzungshuhns-2025\/","title":{"rendered":"F\u00fcr eine b\u00e4uerliche Agrarkultur\u00a0"},"content":{"rendered":"\t\t<div data-elementor-type=\"wp-post\" data-elementor-id=\"8755\" class=\"elementor elementor-8755\" data-elementor-post-type=\"post\">\n\t\t\t\t\t\t<section class=\"elementor-section elementor-top-section elementor-element elementor-element-5cabae7d elementor-section-boxed elementor-section-height-default elementor-section-height-default\" data-id=\"5cabae7d\" data-element_type=\"section\" data-e-type=\"section\">\n\t\t\t\t\t\t<div class=\"elementor-container elementor-column-gap-default\">\n\t\t\t\t\t<div class=\"elementor-column elementor-col-100 elementor-top-column elementor-element elementor-element-4135db6b\" data-id=\"4135db6b\" data-element_type=\"column\" data-e-type=\"column\">\n\t\t\t<div class=\"elementor-widget-wrap elementor-element-populated\">\n\t\t\t\t\t\t<div class=\"elementor-element elementor-element-a1f3f9b elementor-widget elementor-widget-heading\" data-id=\"a1f3f9b\" data-element_type=\"widget\" data-e-type=\"widget\" data-widget_type=\"heading.default\">\n\t\t\t\t<div class=\"elementor-widget-container\">\n\t\t\t\t\t<h2 class=\"elementor-heading-title elementor-size-default\">Pressemitteilung<\/h2>\t\t\t\t<\/div>\n\t\t\t\t<\/div>\n\t\t\t\t<div class=\"elementor-element elementor-element-dc19e58 elementor-widget elementor-widget-heading\" data-id=\"dc19e58\" data-element_type=\"widget\" data-e-type=\"widget\" data-widget_type=\"heading.default\">\n\t\t\t\t<div class=\"elementor-widget-container\">\n\t\t\t\t\t<h2 class=\"elementor-heading-title elementor-size-default\">zum Tag des Zweinutzungshuhns am 22.01.2025<\/h2>\t\t\t\t<\/div>\n\t\t\t\t<\/div>\n\t\t\t\t<div class=\"elementor-element elementor-element-8b2bc90 elementor-widget elementor-widget-text-editor\" data-id=\"8b2bc90\" data-element_type=\"widget\" data-e-type=\"widget\" data-widget_type=\"text-editor.default\">\n\t\t\t\t<div class=\"elementor-widget-container\">\n\t\t\t\t\t\t\t\t\t<p>Berlin, 16.01.2025<\/p>\t\t\t\t\t\t\t\t<\/div>\n\t\t\t\t<\/div>\n\t\t\t\t<div class=\"elementor-element elementor-element-0006970 elementor-widget elementor-widget-text-editor\" data-id=\"0006970\" data-element_type=\"widget\" data-e-type=\"widget\" data-widget_type=\"text-editor.default\">\n\t\t\t\t<div class=\"elementor-widget-container\">\n\t\t\t\t\t\t\t\t\t<p>F\u00fcr eine b\u00e4uerliche Agrarkultur<\/p>\t\t\t\t\t\t\t\t<\/div>\n\t\t\t\t<\/div>\n\t\t\t\t<div class=\"elementor-element elementor-element-73add485 elementor-drop-cap-yes elementor-drop-cap-view-default elementor-widget elementor-widget-text-editor\" data-id=\"73add485\" data-element_type=\"widget\" data-e-type=\"widget\" data-settings=\"{&quot;drop_cap&quot;:&quot;yes&quot;}\" data-widget_type=\"text-editor.default\">\n\t\t\t\t<div class=\"elementor-widget-container\">\n\t\t\t\t\t\t\t\t\t<p>Mit dem Tag des Zweinutzungshuhns am 22. Januar wird auf eine der dr\u00e4ngendsten Fragen der modernen Tierhaltung aufmerksam gemacht: Wie k\u00f6nnen wir Tierzucht in Zukunft nachhaltig, artgerecht und zukunftsf\u00e4hig f\u00fcr die Gesellschaft gestalten?<\/p><p>Das Zweinutzungshuhn \u2013 der Gegenentwurf zu spezialisierten Nutztieren \u2013 steht dabei symbolisch f\u00fcr die Herausforderungen und Chancen einer b\u00e4uerlichen Agrarkultur.<\/p><p>\u00a0<\/p><p>\u00a0<\/p><p><br \/><strong>Warum ist das Zweinutzungshuhn nur der Anfang?<\/strong><\/p><p><br \/>Das Zweinutzungshuhn vereint zwei Eigenschaften, die in der kommerziellen Gefl\u00fcgelzucht l\u00e4ngst getrennt wurden: Es liefert sowohl Eier als auch Fleisch. Statt spezialisierter Legehennen und Masth\u00e4hnchen bietet das Zweinutzungshuhn einen Weg, der den Kreislaufgedanken der b\u00e4uerlichen Landwirtschaft unterst\u00fctzt. Weibliche Tiere legen Eier, m\u00e4nnliche Tiere werden zur Mast aufgezogen.<\/p><p><br \/>\u201eDas Zweinutzungshuhn ist ein starkes Beispiel daf\u00fcr, wie gute Tierhaltung und b\u00e4uerliche Zucht Hand in Hand gehen k\u00f6nnten\u201c sagt Inga G\u00fcnther, eine von zwei Gesch\u00e4ftsf\u00fchrer:innen der \u00d6kologischen Tierzucht gGmbH (\u00d6TZ) und verantwortlich f\u00fcr die Gefl\u00fcgelzucht. \u201eDoch es geht uns dabei um weit mehr als nur um das Zweinutzungshuhn. Denn das Zweinutzungshuhn ist nur der Anfang einer viel weitreichenderen Aufgabe &#8211; n\u00e4mlich einem Update der gesamten Nutztierhaltung.&#8221;<\/p><p>\u00a0<\/p><p>\u00a0<\/p><p><strong>B\u00e4uerliche Tierzucht f\u00f6rdern: Warum das wichtig ist<\/strong><\/p><p><br \/>Die F\u00f6rderung \u00f6kologischer Tierzucht in Bauernhand ist ein zentraler Schl\u00fcssel f\u00fcr eine zukunftsf\u00e4hige Landwirtschaft und Agrarkultur. In den vergangenen Jahrzehnten wurde die Zucht von landwirtschaftlichen Nutztieren immer st\u00e4rker monopolisiert. Diese Industrialisierung f\u00fchrt nicht nur zu einer genetischen Verarmung, sondern auch zu Abh\u00e4ngigkeiten der Landwirt:innen von Zuchtunternehmen, die die Grundprinzipien des \u00f6kologischen Landbaus und die b\u00e4uerliche Tierhaltung nicht hinreichend im Fokus haben.<\/p><p>\u00a0<\/p><p>\u201eIndem wir die \u00f6kologische Tier- und Pflanzenzucht f\u00f6rdern, st\u00e4rken wir nicht nur die Biodiversit\u00e4t und eine klimagerechte Kreislaufwirtschaft, sondern auch die Souver\u00e4nit\u00e4t b\u00e4uerlicher Betriebe. Wir schaffen unabh\u00e4ngige Strukturen und erm\u00f6glichen die Freiheit von Gentechnik durch die Hintert\u00fcr &#8211; darum: Bio f\u00e4ngt mit Z\u00fcchtung an!&#8221; sagt Jan Plagge, Pr\u00e4sident des Bioland e.V. , einem der Gesellschafter der \u00d6TZ.<\/p><p>\u00a0<\/p><p>\u00a0<\/p><p><strong>Mehr als das Zweinutzungshuhn: Ein Systemwandel ist notwendig<\/strong><\/p><p><br \/>Das Zweinutzungshuhn ist ein Baustein von vielen.<br \/>\u201eNachhaltige Tierzucht ist ein zentraler Baustein im Kampf gegen die Klimakrise und f\u00fcr den Schutz der Biodiversit\u00e4t\u201c sagt auch Alexander Gerber, Vorstand des Demeter e.V., dem zweiten Gesellschafter der \u00d6TZ. \u201eSie muss Teil der agrar\u00f6kologischen Transformation sein, die b\u00e4uerliche Strukturen st\u00e4rkt und die Umwelt sch\u00fctzt.\u201c<\/p><p>\u00a0<\/p><p><strong>Ruf nach politischen Weichenstellungen<\/strong><\/p><p><br \/>Damit \u00f6kologische Tierzucht in Bauernhand gest\u00e4rkt werden kann, sind politische Ma\u00dfnahmen notwendig:<\/p><ol><li>F\u00f6rderung regionaler Initiativen: Lokale Wertsch\u00f6pfungsketten, b\u00e4uerliche Zuchtprojekte und handwerkliche Fleischverarbeitung brauchen gezielte finanzielle Unterst\u00fctzung.<\/li><li>Forschung und Ausbildung: Mehr \u00f6ffentliche Mittel f\u00fcr Forschung zu innovativen Haltungs- und F\u00fctterungssystemen und die Integration dieser Ans\u00e4tze in landwirtschaftliche Ausbildungsprogramme.<\/li><li>Schutz vor Konzernmonopolen: Klare Regularien, die die b\u00e4uerliche Landwirtschaft vor Monopolisierung und Patenten auf Lebewesen sch\u00fctzt.<\/li><\/ol><p>\u00a0<\/p><p><strong>Gemeinsam f\u00fcr unsere Zukunft<\/strong><\/p><p><br \/>Der Tag des Zweinutzungshuhns ist eine Erinnerung daran, dass Landwirtschaft nicht nur der Versorgung dient, sondern auch eine Verantwortung f\u00fcr Mensch, Tier und Umwelt tr\u00e4gt. Die F\u00f6rderung \u00f6kologischer Tierzucht in Bauernhand bedeutet, das Handwerk zu st\u00e4rken, Biodiversit\u00e4t zu f\u00f6rdern, Souver\u00e4nit\u00e4t zu gew\u00e4hrleisten und die Ern\u00e4hrungskultur gerecht zu gestalten.<\/p>\t\t\t\t\t\t\t\t<\/div>\n\t\t\t\t<\/div>\n\t\t\t\t<div class=\"elementor-element elementor-element-994c104 elementor-align-justify elementor-widget elementor-widget-button\" data-id=\"994c104\" data-element_type=\"widget\" data-e-type=\"widget\" data-widget_type=\"button.default\">\n\t\t\t\t<div class=\"elementor-widget-container\">\n\t\t\t\t\t\t\t\t\t<div class=\"elementor-button-wrapper\">\n\t\t\t\t\t<a class=\"elementor-button elementor-button-link elementor-size-sm\" href=\"https:\/\/oekotierzucht.de\/wp-content\/uploads\/2025\/01\/20250116_OETZ_PM_TagZNH_baeuerlicheAgrarkultur.pdf\" target=\"_blank\">\n\t\t\t\t\t\t<span class=\"elementor-button-content-wrapper\">\n\t\t\t\t\t\t\t\t\t<span class=\"elementor-button-text\">Pressemitteilung als PDF \u00d6FFNEN<\/span>\n\t\t\t\t\t<\/span>\n\t\t\t\t\t<\/a>\n\t\t\t\t<\/div>\n\t\t\t\t\t\t\t\t<\/div>\n\t\t\t\t<\/div>\n\t\t\t\t\t<\/div>\n\t\t<\/div>\n\t\t\t\t\t<\/div>\n\t\t<\/section>\n\t\t\t\t<\/div>\n\t\t","protected":false},"excerpt":{"rendered":"<p>Pressemitteilung zum Tag des Zweinutzungshuhns am 22.01.2025:<\/p>\n<p>Mit dem Tag des Zweinutzungshuhns am 22. Januar wird auf eine der dr\u00e4ngendsten Fragen der modernen Tierhaltung aufmerksam gemacht: Wie k\u00f6nnen wir Tierzucht in Zukunft nachhaltig, artgerecht und zukunftsf\u00e4hig f\u00fcr die Gesellschaft gestalten?<br \/>\nDas Zweinutzungshuhn \u2013 der Gegenentwurf zu spezialisierten Nutztieren \u2013 steht dabei symbolisch f\u00fcr die Herausforderungen und Chancen einer b\u00e4uerlichen Agrarkultur.<\/p>\n","protected":false},"author":2,"featured_media":6718,"comment_status":"closed","ping_status":"closed","sticky":false,"template":"","format":"standard","meta":{"footnotes":""},"categories":[117,135,1],"tags":[188,186,187,184,185],"class_list":["post-8755","post","type-post","status-publish","format-standard","has-post-thumbnail","hentry","category-presse","category-gefluegelzucht","category-oetz-allgemein","tag-10-jahre-oetz","tag-jubilaeum","tag-oeko-feldtage","tag-oekologische-tierzucht","tag-oetz"],"_links":{"self":[{"href":"https:\/\/oekotierzucht.de\/de\/wp-json\/wp\/v2\/posts\/8755","targetHints":{"allow":["GET"]}}],"collection":[{"href":"https:\/\/oekotierzucht.de\/de\/wp-json\/wp\/v2\/posts"}],"about":[{"href":"https:\/\/oekotierzucht.de\/de\/wp-json\/wp\/v2\/types\/post"}],"author":[{"embeddable":true,"href":"https:\/\/oekotierzucht.de\/de\/wp-json\/wp\/v2\/users\/2"}],"replies":[{"embeddable":true,"href":"https:\/\/oekotierzucht.de\/de\/wp-json\/wp\/v2\/comments?post=8755"}],"version-history":[{"count":35,"href":"https:\/\/oekotierzucht.de\/de\/wp-json\/wp\/v2\/posts\/8755\/revisions"}],"predecessor-version":[{"id":9553,"href":"https:\/\/oekotierzucht.de\/de\/wp-json\/wp\/v2\/posts\/8755\/revisions\/9553"}],"wp:featuredmedia":[{"embeddable":true,"href":"https:\/\/oekotierzucht.de\/de\/wp-json\/wp\/v2\/media\/6718"}],"wp:attachment":[{"href":"https:\/\/oekotierzucht.de\/de\/wp-json\/wp\/v2\/media?parent=8755"}],"wp:term":[{"taxonomy":"category","embeddable":true,"href":"https:\/\/oekotierzucht.de\/de\/wp-json\/wp\/v2\/categories?post=8755"},{"taxonomy":"post_tag","embeddable":true,"href":"https:\/\/oekotierzucht.de\/de\/wp-json\/wp\/v2\/tags?post=8755"}],"curies":[{"name":"wp","href":"https:\/\/api.w.org\/{rel}","templated":true}]}}