{"id":14754,"date":"2026-01-09T08:53:53","date_gmt":"2026-01-09T07:53:53","guid":{"rendered":"https:\/\/oekotierzucht.de\/?p=14754"},"modified":"2026-01-09T08:53:57","modified_gmt":"2026-01-09T07:53:57","slug":"annik-imort-just","status":"publish","type":"post","link":"https:\/\/oekotierzucht.de\/en\/annik-imort-just\/","title":{"rendered":"Annik Imort-Just"},"content":{"rendered":"<div data-elementor-type=\"wp-post\" data-elementor-id=\"14754\" class=\"elementor elementor-14754\" data-elementor-post-type=\"post\">\n\t\t\t\t\t\t<section class=\"elementor-section elementor-top-section elementor-element elementor-element-1df78638 elementor-section-boxed elementor-section-height-default elementor-section-height-default\" data-id=\"1df78638\" data-element_type=\"section\" data-e-type=\"section\">\n\t\t\t\t\t\t<div class=\"elementor-container elementor-column-gap-default\">\n\t\t\t\t\t<div class=\"elementor-column elementor-col-100 elementor-top-column elementor-element elementor-element-2390ede2\" data-id=\"2390ede2\" data-element_type=\"column\" data-e-type=\"column\">\n\t\t\t<div class=\"elementor-widget-wrap elementor-element-populated\">\n\t\t\t\t\t\t<div class=\"elementor-element elementor-element-78c07a88 elementor-drop-cap-yes elementor-drop-cap-view-default elementor-widget elementor-widget-text-editor\" data-id=\"78c07a88\" data-element_type=\"widget\" data-e-type=\"widget\" data-settings=\"{&quot;drop_cap&quot;:&quot;yes&quot;}\" data-widget_type=\"text-editor.default\">\n\t\t\t\t<div class=\"elementor-widget-container\">\n\t\t\t\t\t\t\t\t\t<p><span data-teams=\"true\">Annik ist Agrarwissenschaftlerin mit Schwerpunkt Tierwissenschaften und promovierte an der Universit\u00e4t Hohenheim zu Genotyp-Umwelt-Interaktionen bei Rindern und Schweinen. In der \u00d6TZ bringt sie ihre Erfahrung aus Forschung und Praxis in das Projekt \u00d6ko2Huhn ein und begleitet das Zuchtprogramm wissenschaftlich \u2013 von der Zuchtwertsch\u00e4tzung bis zur Ver\u00f6ffentlichung neuer Erkenntnisse.<\/span><\/p>\t\t\t\t\t\t\t\t<\/div>\n\t\t\t\t<\/div>\n\t\t\t\t\t<\/div>\n\t\t<\/div>\n\t\t\t\t\t<\/div>\n\t\t<\/section>\n\t\t\t\t<section class=\"elementor-section elementor-top-section elementor-element elementor-element-98188fd elementor-section-boxed elementor-section-height-default elementor-section-height-default\" data-id=\"98188fd\" data-element_type=\"section\" data-e-type=\"section\">\n\t\t\t\t\t\t<div class=\"elementor-container elementor-column-gap-default\">\n\t\t\t\t\t<div class=\"elementor-column elementor-col-100 elementor-top-column elementor-element elementor-element-0ac96d4\" data-id=\"0ac96d4\" data-element_type=\"column\" data-e-type=\"column\">\n\t\t\t<div class=\"elementor-widget-wrap elementor-element-populated\">\n\t\t\t\t\t\t<div class=\"elementor-element elementor-element-91a329e elementor-widget elementor-widget-spacer\" data-id=\"91a329e\" data-element_type=\"widget\" data-e-type=\"widget\" data-widget_type=\"spacer.default\">\n\t\t\t\t<div class=\"elementor-widget-container\">\n\t\t\t\t\t\t\t<div class=\"elementor-spacer\">\n\t\t\t<div class=\"elementor-spacer-inner\"><\/div>\n\t\t<\/div>\n\t\t\t\t\t\t<\/div>\n\t\t\t\t<\/div>\n\t\t\t\t\t<\/div>\n\t\t<\/div>\n\t\t\t\t\t<\/div>\n\t\t<\/section>\n\t\t\t\t<\/div>","protected":false},"excerpt":{"rendered":"<p>Annik ist Agrarwissenschaftlerin mit Schwerpunkt Tierwissenschaften und promovierte an der Universit\u00e4t Hohenheim zu Genotyp-Umwelt-Interaktionen bei Rindern und Schweinen. In der \u00d6TZ bringt sie ihre Erfahrung aus Forschung und Praxis in das Projekt \u00d6ko2Huhn ein und begleitet das Zuchtprogramm wissenschaftlich \u2013 von der Zuchtwertsch\u00e4tzung bis zur Ver\u00f6ffentlichung neuer Erkenntnisse.<\/p>","protected":false},"author":2,"featured_media":852,"comment_status":"closed","ping_status":"closed","sticky":false,"template":"","format":"standard","meta":{"footnotes":""},"categories":[153],"tags":[151,152],"class_list":["post-14754","post","type-post","status-publish","format-standard","has-post-thumbnail","hentry","category-portrait","tag-mitarbeiter","tag-portrait"],"_links":{"self":[{"href":"https:\/\/oekotierzucht.de\/en\/wp-json\/wp\/v2\/posts\/14754","targetHints":{"allow":["GET"]}}],"collection":[{"href":"https:\/\/oekotierzucht.de\/en\/wp-json\/wp\/v2\/posts"}],"about":[{"href":"https:\/\/oekotierzucht.de\/en\/wp-json\/wp\/v2\/types\/post"}],"author":[{"embeddable":true,"href":"https:\/\/oekotierzucht.de\/en\/wp-json\/wp\/v2\/users\/2"}],"replies":[{"embeddable":true,"href":"https:\/\/oekotierzucht.de\/en\/wp-json\/wp\/v2\/comments?post=14754"}],"version-history":[{"count":4,"href":"https:\/\/oekotierzucht.de\/en\/wp-json\/wp\/v2\/posts\/14754\/revisions"}],"predecessor-version":[{"id":14758,"href":"https:\/\/oekotierzucht.de\/en\/wp-json\/wp\/v2\/posts\/14754\/revisions\/14758"}],"wp:featuredmedia":[{"embeddable":true,"href":"https:\/\/oekotierzucht.de\/en\/wp-json\/wp\/v2\/media\/852"}],"wp:attachment":[{"href":"https:\/\/oekotierzucht.de\/en\/wp-json\/wp\/v2\/media?parent=14754"}],"wp:term":[{"taxonomy":"category","embeddable":true,"href":"https:\/\/oekotierzucht.de\/en\/wp-json\/wp\/v2\/categories?post=14754"},{"taxonomy":"post_tag","embeddable":true,"href":"https:\/\/oekotierzucht.de\/en\/wp-json\/wp\/v2\/tags?post=14754"}],"curies":[{"name":"wp","href":"https:\/\/api.w.org\/{rel}","templated":true}]}}