{"id":14771,"date":"2026-01-19T12:34:17","date_gmt":"2026-01-19T11:34:17","guid":{"rendered":"https:\/\/oekotierzucht.de\/?p=14771"},"modified":"2026-01-21T15:58:42","modified_gmt":"2026-01-21T14:58:42","slug":"tag-des-zweinutzungshuhns-2026","status":"publish","type":"post","link":"https:\/\/oekotierzucht.de\/en\/tag-des-zweinutzungshuhns-2026\/","title":{"rendered":"Tag des Zweinutzungshuhns 2026"},"content":{"rendered":"<div data-elementor-type=\"wp-post\" data-elementor-id=\"14771\" class=\"elementor elementor-14771\" data-elementor-post-type=\"post\">\n\t\t\t\t\t\t<section class=\"elementor-section elementor-top-section elementor-element elementor-element-b2d06e4 elementor-section-boxed elementor-section-height-default elementor-section-height-default\" data-id=\"b2d06e4\" data-element_type=\"section\" data-e-type=\"section\">\n\t\t\t\t\t\t<div class=\"elementor-container elementor-column-gap-default\">\n\t\t\t\t\t<div class=\"elementor-column elementor-col-33 elementor-top-column elementor-element elementor-element-fc7ddaf\" data-id=\"fc7ddaf\" data-element_type=\"column\" data-e-type=\"column\">\n\t\t\t<div class=\"elementor-widget-wrap elementor-element-populated\">\n\t\t\t\t\t\t<div class=\"elementor-element elementor-element-e967ffc elementor-widget elementor-widget-image\" data-id=\"e967ffc\" data-element_type=\"widget\" data-e-type=\"widget\" data-widget_type=\"image.default\">\n\t\t\t\t<div class=\"elementor-widget-container\">\n\t\t\t\t\t\t\t\t\t\t\t\t\t\t\t<img fetchpriority=\"high\" decoding=\"async\" width=\"201\" height=\"300\" src=\"https:\/\/oekotierzucht.de\/wp-content\/uploads\/2023\/08\/OETZ_Logo_RGB-201x300.png\" class=\"attachment-medium size-medium wp-image-749\" alt=\"\" srcset=\"https:\/\/oekotierzucht.de\/wp-content\/uploads\/2023\/08\/OETZ_Logo_RGB-201x300.png 201w, https:\/\/oekotierzucht.de\/wp-content\/uploads\/2023\/08\/OETZ_Logo_RGB-400x597.png 400w, https:\/\/oekotierzucht.de\/wp-content\/uploads\/2023\/08\/OETZ_Logo_RGB-686x1024.png 686w, https:\/\/oekotierzucht.de\/wp-content\/uploads\/2023\/08\/OETZ_Logo_RGB-8x12.png 8w, https:\/\/oekotierzucht.de\/wp-content\/uploads\/2023\/08\/elementor\/thumbs\/OETZ_Logo_RGB-qsjkd7ly45xn2teqn8xz9w6hb4takmr217d50vgmvw.png 100w, https:\/\/oekotierzucht.de\/wp-content\/uploads\/2023\/08\/OETZ_Logo_RGB.png 689w\" sizes=\"(max-width: 201px) 100vw, 201px\" title=\"\">\t\t\t\t\t\t\t\t\t\t\t\t\t\t\t<\/div>\n\t\t\t\t<\/div>\n\t\t\t\t\t<\/div>\n\t\t<\/div>\n\t\t\t\t<div class=\"elementor-column elementor-col-33 elementor-top-column elementor-element elementor-element-223fac7\" data-id=\"223fac7\" data-element_type=\"column\" data-e-type=\"column\">\n\t\t\t<div class=\"elementor-widget-wrap elementor-element-populated\">\n\t\t\t\t\t\t<div class=\"elementor-element elementor-element-1c7e10b elementor-widget__width-initial elementor-widget elementor-widget-image\" data-id=\"1c7e10b\" data-element_type=\"widget\" data-e-type=\"widget\" data-widget_type=\"image.default\">\n\t\t\t\t<div class=\"elementor-widget-container\">\n\t\t\t\t\t\t\t\t\t\t\t\t\t\t\t\t<a href=\"https:\/\/n-bnn.de\/\" target=\"_blank\" rel=\"noopener\">\n\t\t\t\t\t\t\t<img decoding=\"async\" width=\"300\" height=\"300\" src=\"https:\/\/oekotierzucht.de\/wp-content\/uploads\/2026\/01\/BNN_Logo_23_quadratischText_RGB-300x300.jpg\" class=\"attachment-medium size-medium wp-image-14822\" alt=\"\" srcset=\"https:\/\/oekotierzucht.de\/wp-content\/uploads\/2026\/01\/BNN_Logo_23_quadratischText_RGB-300x300.jpg 300w, https:\/\/oekotierzucht.de\/wp-content\/uploads\/2026\/01\/BNN_Logo_23_quadratischText_RGB-1024x1024.jpg 1024w, https:\/\/oekotierzucht.de\/wp-content\/uploads\/2026\/01\/BNN_Logo_23_quadratischText_RGB-150x150.jpg 150w, https:\/\/oekotierzucht.de\/wp-content\/uploads\/2026\/01\/BNN_Logo_23_quadratischText_RGB-768x768.jpg 768w, https:\/\/oekotierzucht.de\/wp-content\/uploads\/2026\/01\/BNN_Logo_23_quadratischText_RGB-1536x1536.jpg 1536w, https:\/\/oekotierzucht.de\/wp-content\/uploads\/2026\/01\/BNN_Logo_23_quadratischText_RGB-2048x2048.jpg 2048w, https:\/\/oekotierzucht.de\/wp-content\/uploads\/2026\/01\/BNN_Logo_23_quadratischText_RGB-12x12.jpg 12w, https:\/\/oekotierzucht.de\/wp-content\/uploads\/2026\/01\/BNN_Logo_23_quadratischText_RGB-400x400.jpg 400w, https:\/\/oekotierzucht.de\/wp-content\/uploads\/2026\/01\/BNN_Logo_23_quadratischText_RGB-900x900.jpg 900w, https:\/\/oekotierzucht.de\/wp-content\/uploads\/2026\/01\/BNN_Logo_23_quadratischText_RGB-100x100.jpg 100w\" sizes=\"(max-width: 300px) 100vw, 300px\" title=\"\">\t\t\t\t\t\t\t\t<\/a>\n\t\t\t\t\t\t\t\t\t\t\t\t\t\t\t<\/div>\n\t\t\t\t<\/div>\n\t\t\t\t\t<\/div>\n\t\t<\/div>\n\t\t\t\t<div class=\"elementor-column elementor-col-33 elementor-top-column elementor-element elementor-element-ab6d0d6\" data-id=\"ab6d0d6\" data-element_type=\"column\" data-e-type=\"column\">\n\t\t\t<div class=\"elementor-widget-wrap\">\n\t\t\t\t\t\t\t<\/div>\n\t\t<\/div>\n\t\t\t\t\t<\/div>\n\t\t<\/section>\n\t\t\t\t<section class=\"elementor-section elementor-top-section elementor-element elementor-element-25dd2bfc elementor-section-boxed elementor-section-height-default elementor-section-height-default\" data-id=\"25dd2bfc\" data-element_type=\"section\" data-e-type=\"section\">\n\t\t\t\t\t\t<div class=\"elementor-container elementor-column-gap-default\">\n\t\t\t\t\t<div class=\"elementor-column elementor-col-100 elementor-top-column elementor-element elementor-element-7de159c0\" data-id=\"7de159c0\" data-element_type=\"column\" data-e-type=\"column\">\n\t\t\t<div class=\"elementor-widget-wrap elementor-element-populated\">\n\t\t\t\t\t\t<div class=\"elementor-element elementor-element-6067235 elementor-widget elementor-widget-text-editor\" data-id=\"6067235\" data-element_type=\"widget\" data-e-type=\"widget\" data-widget_type=\"text-editor.default\">\n\t\t\t\t<div class=\"elementor-widget-container\">\n\t\t\t\t\t\t\t\t\tGemeinsame Pressemeldung von \u00d6kologische Tierzucht gGmbH (\u00d6TZ) und Bundesverband Naturkost Naturwaren (BNN e.V.) zum Tag des Zweinutzungshuhns \nam 22. Januar 2026\n\t\t\t\t\t\t\t\t<\/div>\n\t\t\t\t<\/div>\n\t\t\t\t<div class=\"elementor-element elementor-element-a783b02 elementor-widget elementor-widget-heading\" data-id=\"a783b02\" data-element_type=\"widget\" data-e-type=\"widget\" data-widget_type=\"heading.default\">\n\t\t\t\t<div class=\"elementor-widget-container\">\n\t\t\t\t\t<h2 class=\"elementor-heading-title elementor-size-default\">Die Bio-Branche zeigt Haltung \u2013 f\u00fcr Biodiversit\u00e4t, genetische Ressourcen und unabh\u00e4ngige \u00f6kologische Z\u00fcchtung<\/h2>\t\t\t\t<\/div>\n\t\t\t\t<\/div>\n\t\t\t\t<div class=\"elementor-element elementor-element-90bab49 elementor-widget-mobile__width-initial elementor-widget elementor-widget-text-editor\" data-id=\"90bab49\" data-element_type=\"widget\" data-e-type=\"widget\" data-widget_type=\"text-editor.default\">\n\t\t\t\t<div class=\"elementor-widget-container\">\n\t\t\t\t\t\t\t\t\t<p>Berlin, 19. Januar 2026 \u2014 Zum Tag des Zweinutzungshuhns setzen die \u00d6kologische Tierzucht gGmbH (\u00d6TZ) und der Bundesverband Naturkost Naturwaren (BNN) ein gemeinsames Zeichen f\u00fcr die F\u00f6rderung der Biodiversit\u00e4t und der genetischen Ressourcen in der Tierzucht. Mit ihrem Engagement stehen sie f\u00fcr eine \u00f6kologische Tierzucht, die Vielfalt erh\u00e4lt, Tierwohl in den Fokus stellt und der Gesellschaft alternative Perspektiven auf die Tierhaltung er\u00f6ffnet.<\/p><p><br \/>\u201e\u00d6kologische Z\u00fcchtung hei\u00dft f\u00fcr uns, Verantwortung f\u00fcr genetische Vielfalt in Zukunft zu \u00fcbernehmen und gleichzeitig praxistaugliche L\u00f6sungen f\u00fcr die Landwirtschaft von heute zu bieten\u201c, erkl\u00e4rt Inga G\u00fcnther-Bender von der \u00d6kologischen Tierzucht gGmbH (\u00d6TZ). \u201eDer Erhalt und die z\u00fcchterische Weiterentwicklung regionaler Rassen wie etwa des Lachshuhns sind keine nostalgischen Projekte, sondern eine Investition in die Zukunftsf\u00e4higkeit und Flexibilit\u00e4t unserer Ern\u00e4hrungssysteme.\u201c<\/p><p><br \/>\u00d6kologische Z\u00fcchtung bedeutet Vielfalt im Stall und auf dem Teller und die unternehmerische Freiheit, selbst zu entscheiden, mit welcher genetischen Grundlage Betriebe wirtschaften und welche Vermarktungskonzepte erfolgreich sind. Gerade im Kontext des Klimawandels ist genetische Vielfalt eine entscheidende Voraussetzung f\u00fcr die Anpassungsf\u00e4higkeit landwirtschaftlicher Systeme.<\/p><p><br \/>Im Mittelpunkt des Zuchtprogramms der von Demeter und Bioland gegr\u00fcndeten \u00d6TZ steht daher neben dem Fokus auf Zweinutzung \u2013 bei der die Leistungen von Hahn (Fleisch) und Henne (Eier und Fleisch) gleichwertig in die z\u00fcchterische Beurteilung einflie\u00dfen \u2013 auch die Verpaarung regionaler Rassen mit leistungsstarken Tieren.<\/p><p><br \/>\u201e\u00d6kologisch gez\u00fcchtete Zweinutzung ist kein fauler Kompromiss, sondern eine Zuchtstrategie, bei der das Tier im Mittelpunkt steht. Wir sind stolz darauf, uns mit diesem Ansatz in den vergangenen zehn Jahren eine stabile Marktnische aufgebaut zu haben, der zuvor nur wenig Potenzial zugetraut wurde\u201c, betont Maria Hermann, verantwortlich f\u00fcr Marketing und Kommunikation bei der \u00d6TZ.<\/p><p><br \/>Eine Schl\u00fcsselrolle beim Aufbau dieser Strukturen kommt seit Jahren dem Bio-Fachhandel zu. Mit der Kampagne \u201e1 Cent f\u00fcr die Zucht\u201c wurden trotz schwieriger Zeiten auf dem Eiermarkt bis Anfang 2026 schon deutlich \u00fcber zwei Millionen Euro f\u00fcr die \u00f6kologische Tierzucht mobilisiert.<\/p><p>\u00a0<\/p><p>Unter dem Motto \u201eMehr als nur ein Zeichen setzen \u2013 Haltung zeigen!\u201d macht der Fachhandel auf Rollups und Social Media mit Nachdruck deutlich, dass Biodiversit\u00e4t und \u00f6kologische Z\u00fcchtung nur dann eine Zukunft haben, wenn alle Teile der Wertsch\u00f6pfungskette Verantwortung \u00fcbernehmen.<\/p><p><br \/>Gleichzeitig richtet sich ein klarer Appell an die Politik. Um die genetische Vielfalt bei Nutztierrassen langfristig zu sichern, braucht es verl\u00e4ssliche Rahmenbedingungen sowie eine gezielte F\u00f6rderung regionaler und \u00f6kologischer Wertsch\u00f6pfungsketten \u2013 insbesondere handwerklich arbeitender Fleischereibetriebe.<\/p><p><br \/>\u201eWas in der Zucht m\u00fchsam aufgebaut und in der Vermarktung langfristig vor allem privatwirtschaftlich gef\u00f6rdert wurde, darf am Ende nicht an den politischen Rahmenbedingungen scheitern. Es braucht langfristige Unterst\u00fctzung f\u00fcr diesen strukturell noch kleinen Bereich, sowohl in der Forschung als auch beim Ausbau der daf\u00fcr notwendigen Strukturen\u201c, so Kathrin J\u00e4ckel, Gesch\u00e4ftsf\u00fchrerin des Bio-Fachhandelsverbandes BNN e.V.<\/p><p><br \/>Dass sich dieser Einsatz lohnt, zeigen auch wissenschaftliche Ergebnisse: Zweinutzungsh\u00fchner \u00fcberzeugen nicht nur durch ihre genetische Vielfalt, sondern auch durch ihren herausragenden Geschmack von Ei und Fleisch, wie eine Studie\u00a0<a href=\"https:\/\/oekotierzucht.de\/wp-content\/uploads\/2025\/06\/20231025_Arbeitsbericht36_Hohenheim_ZweinutzungshuhnWieschmecktdas.pdf\" target=\"_blank\" rel=\"noopener\">(Zweinutzungshuhn \u2013 wie schmeckt das?\u201d Arbeitsbericht Nr. 36, Institut f\u00fcr Agrarpolitik und Landwirtschaftliche Marktlehre (420), Universit\u00e4t Hohenheim, Oktober 2023)\u00a0<\/a>der Universit\u00e4t Hohenheim eindr\u00fccklich belegt.<\/p><p><br \/>Fazit: \u00d6kologische Tierzucht ist eine bewusste Entscheidung f\u00fcr Vielfalt, Tierwohl, Genuss und eine zukunftsf\u00e4hige Landwirtschaft. \u201eWir haben diesen Weg gew\u00e4hlt \u2013 und wir werden ihn weitergehen\u201c, so Inga G\u00fcnther-Bender. \u201eF\u00fcr mehr Biodiversit\u00e4t im Stall, f\u00fcr den Erhalt genetischer Ressourcen und f\u00fcr die Wahlfreiheit aller B\u00e4uer:innen und Konsument:innen von morgen.\u201c<\/p>\t\t\t\t\t\t\t\t<\/div>\n\t\t\t\t<\/div>\n\t\t\t\t<div class=\"elementor-element elementor-element-77cf8b8 elementor-widget elementor-widget-text-editor\" data-id=\"77cf8b8\" data-element_type=\"widget\" data-e-type=\"widget\" data-widget_type=\"text-editor.default\">\n\t\t\t\t<div class=\"elementor-widget-container\">\n\t\t\t\t\t\t\t\t\t<p><b>PRESSEKONTAKT:\u00a0<br \/><\/b>Inga G\u00fcnther-Bender <br \/>\u00d6kologische Tierzucht gGmbH<br \/><a href=\"mailto:presse@oekotierzucht.de\">presse@oekotierzucht.de<\/a><br \/><a href=\"https:\/\/oekotierzucht.de\/en\/press\/\">Presse \u00d6kologischen Tierzucht gGmbH<\/a><\/p>\t\t\t\t\t\t\t\t<\/div>\n\t\t\t\t<\/div>\n\t\t\t\t<div class=\"elementor-element elementor-element-2b91ccd elementor-align-center elementor-widget elementor-widget-button\" data-id=\"2b91ccd\" data-element_type=\"widget\" data-e-type=\"widget\" data-widget_type=\"button.default\">\n\t\t\t\t<div class=\"elementor-widget-container\">\n\t\t\t\t\t\t\t\t\t<div class=\"elementor-button-wrapper\">\n\t\t\t\t\t<a class=\"elementor-button elementor-button-link elementor-size-sm\" href=\"https:\/\/oekotierzucht.de\/wp-content\/uploads\/2026\/01\/Pressemitteilung-zum-Tag-des-Zweinutzungshuhns-2026_Die-Bio-Branche-zeigt-Haltung.pdf\" target=\"_blank\">\n\t\t\t\t\t\t<span class=\"elementor-button-content-wrapper\">\n\t\t\t\t\t\t\t\t\t<span class=\"elementor-button-text\">Pressemitteilung als PDF <\/span>\n\t\t\t\t\t<\/span>\n\t\t\t\t\t<\/a>\n\t\t\t\t<\/div>\n\t\t\t\t\t\t\t\t<\/div>\n\t\t\t\t<\/div>\n\t\t\t\t\t<\/div>\n\t\t<\/div>\n\t\t\t\t\t<\/div>\n\t\t<\/section>\n\t\t\t\t<section class=\"elementor-section elementor-top-section elementor-element elementor-element-a3c6efa elementor-section-full_width elementor-section-stretched elementor-section-height-default elementor-section-height-default\" data-id=\"a3c6efa\" data-element_type=\"section\" data-e-type=\"section\" data-settings=\"{&quot;stretch_section&quot;:&quot;section-stretched&quot;,&quot;background_background&quot;:&quot;classic&quot;}\">\n\t\t\t\t\t\t\t<div class=\"elementor-background-overlay\"><\/div>\n\t\t\t\t\t\t\t<div class=\"elementor-container elementor-column-gap-default\">\n\t\t\t\t\t<div class=\"elementor-column elementor-col-100 elementor-top-column elementor-element elementor-element-49fd236\" data-id=\"49fd236\" data-element_type=\"column\" data-e-type=\"column\">\n\t\t\t<div class=\"elementor-widget-wrap elementor-element-populated\">\n\t\t\t\t\t\t<div class=\"elementor-element elementor-element-cf8051c elementor-widget elementor-widget-heading\" data-id=\"cf8051c\" data-element_type=\"widget\" data-e-type=\"widget\" data-widget_type=\"heading.default\">\n\t\t\t\t<div class=\"elementor-widget-container\">\n\t\t\t\t\t<h2 class=\"elementor-heading-title elementor-size-default\">\u00d6TZ-1-Cent-partnerschaft <\/h2>\t\t\t\t<\/div>\n\t\t\t\t<\/div>\n\t\t\t\t<section class=\"elementor-section elementor-inner-section elementor-element elementor-element-92ab806 elementor-section-boxed elementor-section-height-default elementor-section-height-default\" data-id=\"92ab806\" data-element_type=\"section\" data-e-type=\"section\">\n\t\t\t\t\t\t<div class=\"elementor-container elementor-column-gap-default\">\n\t\t\t\t\t<div class=\"elementor-column elementor-col-50 elementor-inner-column elementor-element elementor-element-a803978\" data-id=\"a803978\" data-element_type=\"column\" data-e-type=\"column\">\n\t\t\t<div class=\"elementor-widget-wrap elementor-element-populated\">\n\t\t\t\t\t\t<div class=\"elementor-element elementor-element-641181c elementor-widget__width-initial elementor-widget elementor-widget-image\" data-id=\"641181c\" data-element_type=\"widget\" data-e-type=\"widget\" data-widget_type=\"image.default\">\n\t\t\t\t<div class=\"elementor-widget-container\">\n\t\t\t\t\t\t\t\t\t\t\t\t\t\t\t<img decoding=\"async\" width=\"768\" height=\"957\" src=\"https:\/\/oekotierzucht.de\/wp-content\/uploads\/2026\/01\/OeTZ-Testimonials-2025-768x957.png\" class=\"attachment-medium_large size-medium_large wp-image-14823\" alt=\"\u00d6TZ-Testimonials 2025\" srcset=\"https:\/\/oekotierzucht.de\/wp-content\/uploads\/2026\/01\/OeTZ-Testimonials-2025-768x957.png 768w, https:\/\/oekotierzucht.de\/wp-content\/uploads\/2026\/01\/OeTZ-Testimonials-2025-241x300.png 241w, https:\/\/oekotierzucht.de\/wp-content\/uploads\/2026\/01\/OeTZ-Testimonials-2025-822x1024.png 822w, https:\/\/oekotierzucht.de\/wp-content\/uploads\/2026\/01\/OeTZ-Testimonials-2025-10x12.png 10w, https:\/\/oekotierzucht.de\/wp-content\/uploads\/2026\/01\/OeTZ-Testimonials-2025.png 832w\" sizes=\"(max-width: 768px) 100vw, 768px\" title=\"\">\t\t\t\t\t\t\t\t\t\t\t\t\t\t\t<\/div>\n\t\t\t\t<\/div>\n\t\t\t\t<div class=\"elementor-element elementor-element-2d92b61 elementor-widget elementor-widget-text-editor\" data-id=\"2d92b61\" data-element_type=\"widget\" data-e-type=\"widget\" data-widget_type=\"text-editor.default\">\n\t\t\t\t<div class=\"elementor-widget-container\">\n\t\t\t\t\t\t\t\t\t<p>1-Cent-Testimonials 2025<\/p>\t\t\t\t\t\t\t\t<\/div>\n\t\t\t\t<\/div>\n\t\t\t\t\t<\/div>\n\t\t<\/div>\n\t\t\t\t<div class=\"elementor-column elementor-col-50 elementor-inner-column elementor-element elementor-element-9d7b53d\" data-id=\"9d7b53d\" data-element_type=\"column\" data-e-type=\"column\">\n\t\t\t<div class=\"elementor-widget-wrap elementor-element-populated\">\n\t\t\t\t\t\t<div class=\"elementor-element elementor-element-a54d0f7 elementor-widget elementor-widget-text-editor\" data-id=\"a54d0f7\" data-element_type=\"widget\" data-e-type=\"widget\" data-widget_type=\"text-editor.default\">\n\t\t\t\t<div class=\"elementor-widget-container\">\n\t\t\t\t\t\t\t\t\t<p>Make your contribution visible<\/p>\t\t\t\t\t\t\t\t<\/div>\n\t\t\t\t<\/div>\n\t\t\t\t<div class=\"elementor-element elementor-element-66f6178 elementor-widget elementor-widget-text-editor\" data-id=\"66f6178\" data-element_type=\"widget\" data-e-type=\"widget\" data-widget_type=\"text-editor.default\">\n\t\t\t\t<div class=\"elementor-widget-container\">\n\t\t\t\t\t\t\t\t\t<p>&nbsp;1-Cent seal for retail<\/p>\t\t\t\t\t\t\t\t<\/div>\n\t\t\t\t<\/div>\n\t\t\t\t<div class=\"elementor-element elementor-element-3c34932 elementor-widget elementor-widget-text-editor\" data-id=\"3c34932\" data-element_type=\"widget\" data-e-type=\"widget\" data-widget_type=\"text-editor.default\">\n\t\t\t\t<div class=\"elementor-widget-container\">\n\t\t\t\t\t\t\t\t\t<p>The 1-cent seal is a promotional seal that was created on the initiative of a number of committed entrepreneurs from the <a href=\"https:\/\/n-bnn.de\/\" target=\"_blank\" rel=\"noopener\">Bundesverband f\u00fcr Naturkost und Naturwaren e.V. (BNN)<\/a> The sponsoring traders are convinced that organic breeding is needed to ensure a future for farm animal husbandry.<\/p>\t\t\t\t\t\t\t\t<\/div>\n\t\t\t\t<\/div>\n\t\t\t\t<div class=\"elementor-element elementor-element-017223b elementor-widget-tablet__width-initial elementor-widget__width-initial elementor-widget elementor-widget-image\" data-id=\"017223b\" data-element_type=\"widget\" data-e-type=\"widget\" data-widget_type=\"image.default\">\n\t\t\t\t<div class=\"elementor-widget-container\">\n\t\t\t\t\t\t\t\t\t\t\t\t\t\t\t<img loading=\"lazy\" decoding=\"async\" width=\"267\" height=\"236\" src=\"https:\/\/oekotierzucht.de\/wp-content\/uploads\/2024\/11\/O\u2560eTZ_1-Cent-Siegel_01.png\" class=\"attachment-large size-large wp-image-7875\" alt=\"\u00d6TZ 1-Cent Siegel\" srcset=\"https:\/\/oekotierzucht.de\/wp-content\/uploads\/2024\/11\/O\u2560eTZ_1-Cent-Siegel_01.png 267w, https:\/\/oekotierzucht.de\/wp-content\/uploads\/2024\/11\/O\u2560eTZ_1-Cent-Siegel_01-14x12.png 14w\" sizes=\"(max-width: 267px) 100vw, 267px\" title=\"\">\t\t\t\t\t\t\t\t\t\t\t\t\t\t\t<\/div>\n\t\t\t\t<\/div>\n\t\t\t\t<div class=\"elementor-element elementor-element-d06deba elementor-widget__width-initial elementor-widget elementor-widget-image\" data-id=\"d06deba\" data-element_type=\"widget\" data-e-type=\"widget\" data-widget_type=\"image.default\">\n\t\t\t\t<div class=\"elementor-widget-container\">\n\t\t\t\t\t\t\t\t\t\t\t\t\t\t\t<img loading=\"lazy\" decoding=\"async\" width=\"267\" height=\"236\" src=\"https:\/\/oekotierzucht.de\/wp-content\/uploads\/2024\/11\/O\u2560eTZ_1-Cent-Siegel_02.png\" class=\"attachment-large size-large wp-image-7876\" alt=\"\u00d6TZ 1-Cent Siegel\" srcset=\"https:\/\/oekotierzucht.de\/wp-content\/uploads\/2024\/11\/O\u2560eTZ_1-Cent-Siegel_02.png 267w, https:\/\/oekotierzucht.de\/wp-content\/uploads\/2024\/11\/O\u2560eTZ_1-Cent-Siegel_02-14x12.png 14w\" sizes=\"(max-width: 267px) 100vw, 267px\" title=\"\">\t\t\t\t\t\t\t\t\t\t\t\t\t\t\t<\/div>\n\t\t\t\t<\/div>\n\t\t\t\t<div class=\"elementor-element elementor-element-d0991ac elementor-align-center elementor-widget elementor-widget-button\" data-id=\"d0991ac\" data-element_type=\"widget\" data-e-type=\"widget\" data-widget_type=\"button.default\">\n\t\t\t\t<div class=\"elementor-widget-container\">\n\t\t\t\t\t\t\t\t\t<div class=\"elementor-button-wrapper\">\n\t\t\t\t\t<a class=\"elementor-button elementor-button-link elementor-size-sm\" href=\"https:\/\/oekotierzucht.de\/en\/marketing\/\" target=\"_blank\">\n\t\t\t\t\t\t<span class=\"elementor-button-content-wrapper\">\n\t\t\t\t\t\t\t\t\t<span class=\"elementor-button-text\">Mehr dar\u00fcber erfahren <\/span>\n\t\t\t\t\t<\/span>\n\t\t\t\t\t<\/a>\n\t\t\t\t<\/div>\n\t\t\t\t\t\t\t\t<\/div>\n\t\t\t\t<\/div>\n\t\t\t\t\t<\/div>\n\t\t<\/div>\n\t\t\t\t\t<\/div>\n\t\t<\/section>\n\t\t\t\t\t<\/div>\n\t\t<\/div>\n\t\t\t\t\t<\/div>\n\t\t<\/section>\n\t\t\t\t<\/div>","protected":false},"excerpt":{"rendered":"<p>Tag des Zweinutzungshuhns &#8211; Wir zeigen Haltung f\u00fcr Biodiversit\u00e4t, genetische<br \/>\nRessourcen und f\u00fcr die Wahlfreiheit aller B\u00e4uer:innen &#038;<br \/>\nKonsument:innen auch in Zukunft. <\/p>","protected":false},"author":2,"featured_media":14847,"comment_status":"closed","ping_status":"closed","sticky":false,"template":"","format":"standard","meta":{"footnotes":""},"categories":[117,135,1],"tags":[127,125],"class_list":["post-14771","post","type-post","status-publish","format-standard","has-post-thumbnail","hentry","category-presse","category-gefluegelzucht","category-oetz-allgemein","tag-gefluegel","tag-zweinutzungshuhn"],"_links":{"self":[{"href":"https:\/\/oekotierzucht.de\/en\/wp-json\/wp\/v2\/posts\/14771","targetHints":{"allow":["GET"]}}],"collection":[{"href":"https:\/\/oekotierzucht.de\/en\/wp-json\/wp\/v2\/posts"}],"about":[{"href":"https:\/\/oekotierzucht.de\/en\/wp-json\/wp\/v2\/types\/post"}],"author":[{"embeddable":true,"href":"https:\/\/oekotierzucht.de\/en\/wp-json\/wp\/v2\/users\/2"}],"replies":[{"embeddable":true,"href":"https:\/\/oekotierzucht.de\/en\/wp-json\/wp\/v2\/comments?post=14771"}],"version-history":[{"count":24,"href":"https:\/\/oekotierzucht.de\/en\/wp-json\/wp\/v2\/posts\/14771\/revisions"}],"predecessor-version":[{"id":14874,"href":"https:\/\/oekotierzucht.de\/en\/wp-json\/wp\/v2\/posts\/14771\/revisions\/14874"}],"wp:featuredmedia":[{"embeddable":true,"href":"https:\/\/oekotierzucht.de\/en\/wp-json\/wp\/v2\/media\/14847"}],"wp:attachment":[{"href":"https:\/\/oekotierzucht.de\/en\/wp-json\/wp\/v2\/media?parent=14771"}],"wp:term":[{"taxonomy":"category","embeddable":true,"href":"https:\/\/oekotierzucht.de\/en\/wp-json\/wp\/v2\/categories?post=14771"},{"taxonomy":"post_tag","embeddable":true,"href":"https:\/\/oekotierzucht.de\/en\/wp-json\/wp\/v2\/tags?post=14771"}],"curies":[{"name":"wp","href":"https:\/\/api.w.org\/{rel}","templated":true}]}}